{"id":762,"date":"2020-03-27T10:51:35","date_gmt":"2020-03-27T09:51:35","guid":{"rendered":"https:\/\/www.clarabellamusic.com\/wclb\/?p=762"},"modified":"2020-07-15T07:48:03","modified_gmt":"2020-07-15T05:48:03","slug":"la-scelta-del-violoncello-misure-e-formati","status":"publish","type":"post","link":"https:\/\/www.clarabellamusic.com\/wclb\/la-scelta-del-violoncello-misure-e-formati\/","title":{"rendered":"La scelta del violoncello: misure e formati"},"content":{"rendered":"<p><span style=\"color: #000000;\">Gli strumenti ad arco e quindi anche il violoncello (amichevolmente chiamato &#8220;cello&#8221;) sono disponibili oggi in <em>formati ridotti<\/em>\u00a0 (<a style=\"color: #000000;\" href=\"https:\/\/www.clarabellamusic.com\/wclb\/il-violino-e-i-suoi-formati\/\">puoi approfondire leggendo questo articolo<\/a>) ovvero pi\u00f9 piccoli delle dimensioni che la tradizione ha standardizzato come &#8220;formati interi&#8221;. La maggior parte di questi strumenti pi\u00f9 piccoli sono di produzione industriale, hanno sonorit\u00e0 pessime e spesso vengono montati e settati in maniera approssimativa al limite dell&#8217;inutilizzabile.<\/span><\/p>\n<p><span style=\"color: #000000;\">La scelta di uno strumento di misura <strong>corretta<\/strong> per un ragazzino che inizia a suonare \u00e8 comunque fondamentale: la scelta di una misura errata si somma alle difficolt\u00e0 gi\u00e0 intrinseche allo strumento.<\/span><\/p>\n<p><span style=\"color: #000000;\">\u00c8 essenziale (sicuramente interpellando anche un insegnate valido) individuare il formato corretto per l&#8217;allievo. Lo strumento ovviamente non sar\u00e0 definitivo e quindi il parametro &#8220;dimensione&#8221; dovr\u00e0 essere fondamentale per la scelta. Nell&#8217;ordine poi bisogner\u00e0 poi prestare sicuramente attenzione alla montatura (come lo strumento \u00e8 preparato) e ovviamente alla sonorit\u00e0.<\/span><\/p>\n<p><span style=\"color: #000000;\">I violoncelli in formato ridotto (pi\u00f9 piccoli) dedicati a bambini che iniziano gli studi sono parecchi e per individuare il modello di massima pi\u00f9 indicato si pu\u00f2 procedere partendo con la misurazione della lunghezza del braccio dell&#8217;allievo.<\/span><\/p>\n<p><span style=\"color: #000000;\">La misura media da rilevare \u00e8 quella che va circa <em>dall&#8217;attaccatura del collo sino al centro del palmo della mano. Se la mano \u00e8 molto piccola si pu\u00f2 far riferimento a una misura abbondante tra collo e polso.<\/em><\/span><\/p>\n<p><span style=\"color: #000000;\"><a style=\"color: #000000;\" href=\"https:\/\/www.clarabellamusic.com\/wclb\/wp-content\/uploads\/2020\/03\/cello_violmsurement_01.png\"><img loading=\"lazy\" decoding=\"async\" class=\"size-medium wp-image-750 aligncenter\" src=\"https:\/\/www.clarabellamusic.com\/wclb\/wp-content\/uploads\/2020\/03\/cello_violmsurement_01-300x269.png\" alt=\"\" width=\"300\" height=\"269\" srcset=\"https:\/\/www.clarabellamusic.com\/wclb\/wp-content\/uploads\/2020\/03\/cello_violmsurement_01-300x269.png 300w, https:\/\/www.clarabellamusic.com\/wclb\/wp-content\/uploads\/2020\/03\/cello_violmsurement_01.png 521w\" sizes=\"auto, (max-width: 300px) 100vw, 300px\" \/><\/a><\/span><\/p>\n<p><span style=\"color: #000000;\">Importante \u00e8 anche<strong> l&#8217;altezza dello strumentista<\/strong> in quanto la posizione che si adotta nel suonare abbraccia letteralmente lo strumento.<\/span><\/p>\n<p><span style=\"color: #000000;\">Per scegliere il formato pi\u00f9 idoneo (farsi comunque consigliare da un insegnante che ha visto il bambino e lo strumento) si pu\u00f2 partire dal fattore et\u00e0 per poi andare a controllare le misure del&#8217;altezza e della lunghezza del braccio come per il violino e la viola.<\/span><\/p>\n<p><span style=\"color: #000000;\"><strong>VIOLONCELLO<\/strong><\/span><\/p>\n<table style=\"border-collapse: collapse; width: 100%; height: 144px;\">\n<tbody>\n<tr>\n<th style=\"width: 20.7254%;\"><span style=\"color: #000000;\">Formato violoncello<\/span><\/th>\n<th style=\"width: 38.342%;\"><span style=\"color: #000000;\">Lunghezza collo-palmo cm<\/span><\/th>\n<th style=\"width: 40.8031%;\"><span style=\"color: #000000;\">Altezza<\/span><\/th>\n<\/tr>\n<tr>\n<td style=\"width: 20.7254%;\"><span style=\"color: #000000;\">1\/10<\/span><\/td>\n<td style=\"width: 38.342%;\"><span style=\"color: #000000;\">fino a 41 cm<\/span><\/td>\n<td style=\"width: 40.8031%;\"><span style=\"color: #000000;\">fino a 91 cm<\/span><\/td>\n<\/tr>\n<tr>\n<td style=\"width: 20.7254%;\"><span style=\"color: #000000;\">1\/8<\/span><\/td>\n<td style=\"width: 38.342%;\"><span style=\"color: #000000;\">da 41cm a 46cm<\/span><\/td>\n<td style=\"width: 40.8031%;\"><span style=\"color: #000000;\">da 91cm a 110cm<\/span><\/td>\n<\/tr>\n<tr>\n<td style=\"width: 20.7254%;\"><span style=\"color: #000000;\">1\/4<\/span><\/td>\n<td style=\"width: 38.342%;\"><span style=\"color: #000000;\">da 46cm a 51cm<\/span><\/td>\n<td style=\"width: 40.8031%;\"><span style=\"color: #000000;\">da 110cm a 123cm<\/span><\/td>\n<\/tr>\n<tr>\n<td style=\"width: 20.7254%;\"><span style=\"color: #000000;\">1\/2<\/span><\/td>\n<td style=\"width: 38.342%;\"><span style=\"color: #000000;\">da 51cm a 56cm<\/span><\/td>\n<td style=\"width: 40.8031%;\"><span style=\"color: #000000;\">da 123cm a 140cm<\/span><\/td>\n<\/tr>\n<tr>\n<td style=\"width: 20.7254%;\"><span style=\"color: #000000;\">3\/4<\/span><\/td>\n<td style=\"width: 38.342%;\"><span style=\"color: #000000;\">da 56cm a 61cm<\/span><\/td>\n<td style=\"width: 40.8031%;\"><span style=\"color: #000000;\">da 140cm a 152cm<\/span><\/td>\n<\/tr>\n<tr>\n<td style=\"width: 20.7254%;\"><span style=\"color: #000000;\">4\/4 formato intero<\/span><\/td>\n<td style=\"width: 38.342%;\"><span style=\"color: #000000;\">da 61cm in poi&#8230;<\/span><\/td>\n<td style=\"width: 40.8031%;\"><span style=\"color: #000000;\">da 152cm in poi&#8230;<\/span><\/td>\n<\/tr>\n<\/tbody>\n<\/table>\n<p><span style=\"color: #000000;\"><strong>VIOLONCELLO<\/strong><\/span><\/p>\n<table style=\"border-collapse: collapse; width: 100%;\">\n<tbody>\n<tr>\n<td style=\"width: 47.7979%;\" width=\"112\"><span style=\"font-size: 12pt; color: #000000;\"><strong>Formato Violoncello<\/strong><\/span><\/td>\n<td style=\"width: 52.0725%;\" width=\"122\"><span style=\"font-size: 12pt; color: #000000;\"><strong>Misura della cassa in mm<\/strong><\/span><\/td>\n<\/tr>\n<tr>\n<td style=\"width: 47.7979%;\" width=\"112\"><span style=\"font-size: 12pt; color: #000000;\">4\/4<\/span><\/td>\n<td style=\"width: 52.0725%;\" width=\"122\"><span style=\"font-size: 12pt; color: #000000;\">760<\/span><\/td>\n<\/tr>\n<tr>\n<td style=\"width: 47.7979%;\" width=\"112\"><span style=\"font-size: 12pt; color: #000000;\">7\/8<\/span><\/td>\n<td style=\"width: 52.0725%;\" width=\"122\"><span style=\"font-size: 12pt; color: #000000;\">730<\/span><\/td>\n<\/tr>\n<tr>\n<td style=\"width: 47.7979%;\" width=\"112\"><span style=\"font-size: 12pt; color: #000000;\">3\/4<\/span><\/td>\n<td style=\"width: 52.0725%;\" width=\"122\"><span style=\"font-size: 12pt; color: #000000;\">690<\/span><\/td>\n<\/tr>\n<tr>\n<td style=\"width: 47.7979%;\" width=\"112\"><span style=\"font-size: 12pt; color: #000000;\">1\/2<\/span><\/td>\n<td style=\"width: 52.0725%;\" width=\"122\"><span style=\"font-size: 12pt; color: #000000;\">650<\/span><\/td>\n<\/tr>\n<tr>\n<td style=\"width: 47.7979%;\" width=\"112\"><span style=\"font-size: 12pt; color: #000000;\">1\/4<\/span><\/td>\n<td style=\"width: 52.0725%;\" width=\"122\"><span style=\"font-size: 12pt; color: #000000;\">580<\/span><\/td>\n<\/tr>\n<tr>\n<td style=\"width: 47.7979%;\" width=\"112\"><span style=\"font-size: 12pt; color: #000000;\">1\/8<\/span><\/td>\n<td style=\"width: 52.0725%;\" width=\"122\"><span style=\"font-size: 12pt; color: #000000;\">530<\/span><\/td>\n<\/tr>\n<\/tbody>\n<\/table>\n<p><span style=\"color: #000000;\">Nella scelta della misura di un violoncello entrano in gioco pi\u00f9 fattori non ultimo quello importantissimo della <strong>dimensione della mano<\/strong>. Il violoncello ha un manico di importanti dimensioni; questo \u00e8 un fattore che influenza la scelta del formato. Puoi misurare la distanza tra indice e mignolo mantenendo la mano in una posizione di apertura naturale e rilassata.<\/span><\/p>\n<p><span style=\"color: #000000;\"><a style=\"color: #000000;\" href=\"https:\/\/www.clarabellamusic.com\/wclb\/wp-content\/uploads\/2020\/03\/finger-span-300x300-1.png\"><img loading=\"lazy\" decoding=\"async\" class=\"wp-image-774 aligncenter\" src=\"https:\/\/www.clarabellamusic.com\/wclb\/wp-content\/uploads\/2020\/03\/finger-span-300x300-1-300x300.png\" alt=\"\" width=\"229\" height=\"229\" srcset=\"https:\/\/www.clarabellamusic.com\/wclb\/wp-content\/uploads\/2020\/03\/finger-span-300x300-1.png 300w, https:\/\/www.clarabellamusic.com\/wclb\/wp-content\/uploads\/2020\/03\/finger-span-300x300-1-150x150.png 150w\" sizes=\"auto, (max-width: 229px) 100vw, 229px\" \/><\/a><\/span><\/p>\n<table style=\"border-collapse: collapse; width: 100%; height: 140px;\">\n<tbody>\n<tr style=\"height: 20px;\">\n<th style=\"width: 56.3472%; height: 20px; text-align: left;\"><span style=\"color: #000000;\">Formato violoncello<\/span><\/th>\n<th style=\"width: 43.3938%; height: 20px; text-align: left;\"><span style=\"color: #000000;\">Misura approssimativa indice-mignolo<\/span><\/th>\n<\/tr>\n<tr style=\"height: 20px;\">\n<td style=\"width: 56.3472%; height: 20px;\"><span style=\"color: #000000;\">1\/10<\/span><\/td>\n<td style=\"width: 43.3938%; height: 20px;\"><span style=\"color: #000000;\">da 6cm a 7cm<\/span><\/td>\n<\/tr>\n<tr style=\"height: 20px;\">\n<td style=\"width: 56.3472%; height: 20px;\"><span style=\"color: #000000;\">1\/8<\/span><\/td>\n<td style=\"width: 43.3938%; height: 20px;\"><span style=\"color: #000000;\">intorno ai 7&#8230;<\/span><\/td>\n<\/tr>\n<tr style=\"height: 20px;\">\n<td style=\"width: 56.3472%; height: 20px;\"><span style=\"color: #000000;\">1\/4<\/span><\/td>\n<td style=\"width: 43.3938%; height: 20px;\"><span style=\"color: #000000;\">da 7cm a 10cm<\/span><\/td>\n<\/tr>\n<tr style=\"height: 20px;\">\n<td style=\"width: 56.3472%; height: 20px;\"><span style=\"color: #000000;\">1\/2<\/span><\/td>\n<td style=\"width: 43.3938%; height: 20px;\"><span style=\"color: #000000;\">da 10cm a 12cm<\/span><\/td>\n<\/tr>\n<tr style=\"height: 20px;\">\n<td style=\"width: 56.3472%; height: 20px;\"><span style=\"color: #000000;\">3\/4<\/span><\/td>\n<td style=\"width: 43.3938%; height: 20px;\"><span style=\"color: #000000;\">da 12cm a 15cm<\/span><\/td>\n<\/tr>\n<tr style=\"height: 20px;\">\n<td style=\"width: 56.3472%; height: 20px;\"><span style=\"color: #000000;\">4\/4 formato intero<\/span><\/td>\n<td style=\"width: 43.3938%; height: 20px;\"><span style=\"color: #000000;\">piu di 15cm&#8230;<\/span><\/td>\n<\/tr>\n<\/tbody>\n<\/table>\n<p>&nbsp;<\/p>\n","protected":false},"excerpt":{"rendered":"<p>Gli strumenti ad arco e quindi anche il violoncello (amichevolmente chiamato &#8220;cello&#8221;) sono disponibili oggi in formati ridotti\u00a0 (puoi approfondire leggendo questo articolo) ovvero pi\u00f9 piccoli delle dimensioni che la tradizione ha standardizzato come &#8220;formati interi&#8221;. La maggior parte di questi strumenti pi\u00f9 piccoli sono di produzione industriale, hanno sonorit\u00e0 pessime e spesso vengono montati [&hellip;]<\/p>\n","protected":false},"author":2,"featured_media":771,"comment_status":"closed","ping_status":"closed","sticky":false,"template":"","format":"aside","meta":{"footnotes":""},"categories":[36,1],"tags":[44,48,47,45,39,49,46,40,72,43,70,71],"class_list":{"0":"post-762","1":"post","2":"type-post","3":"status-publish","4":"format-aside","5":"has-post-thumbnail","7":"category-laboratorio","8":"category-senza-categoria","9":"tag-bambino","10":"tag-braccio","11":"tag-cello","12":"tag-didattica","13":"tag-formato","14":"tag-mano","15":"tag-misure","16":"tag-ridotto","17":"tag-riparazione-violoncello-tradate","18":"tag-violoncello","19":"tag-violoncello-tradate","20":"tag-violoncello-varese","21":"post_format-post-format-aside","22":"czr-hentry"},"yoast_head":"<!-- This site is optimized with the Yoast SEO plugin v25.3.1 - https:\/\/yoast.com\/wordpress\/plugins\/seo\/ -->\n<title>La scelta del violoncello: misure e formati - CLARABELLAMUSIC.COM<\/title>\n<meta name=\"robots\" content=\"index, follow, max-snippet:-1, max-image-preview:large, max-video-preview:-1\" \/>\n<link rel=\"canonical\" href=\"https:\/\/www.clarabellamusic.com\/wclb\/la-scelta-del-violoncello-misure-e-formati\/\" \/>\n<meta property=\"og:locale\" content=\"it_IT\" \/>\n<meta property=\"og:type\" content=\"article\" \/>\n<meta property=\"og:title\" content=\"La scelta del violoncello: misure e formati - CLARABELLAMUSIC.COM\" \/>\n<meta property=\"og:description\" content=\"Gli strumenti ad arco e quindi anche il violoncello (amichevolmente chiamato &#8220;cello&#8221;) sono disponibili oggi in formati ridotti\u00a0 (puoi approfondire leggendo questo articolo) ovvero pi\u00f9 piccoli delle dimensioni che la tradizione ha standardizzato come &#8220;formati interi&#8221;. La maggior parte di questi strumenti pi\u00f9 piccoli sono di produzione industriale, hanno sonorit\u00e0 pessime e spesso vengono montati [&hellip;]\" \/>\n<meta property=\"og:url\" content=\"https:\/\/www.clarabellamusic.com\/wclb\/la-scelta-del-violoncello-misure-e-formati\/\" \/>\n<meta property=\"og:site_name\" content=\"CLARABELLAMUSIC.COM\" \/>\n<meta property=\"article:published_time\" content=\"2020-03-27T09:51:35+00:00\" \/>\n<meta property=\"article:modified_time\" content=\"2020-07-15T05:48:03+00:00\" \/>\n<meta property=\"og:image\" content=\"https:\/\/www.clarabellamusic.com\/wclb\/wp-content\/uploads\/2020\/03\/montagnana.png\" \/>\n\t<meta property=\"og:image:width\" content=\"878\" \/>\n\t<meta property=\"og:image:height\" content=\"1150\" \/>\n\t<meta property=\"og:image:type\" content=\"image\/png\" \/>\n<meta name=\"author\" content=\"Massimo Brugnera\" \/>\n<meta name=\"twitter:card\" content=\"summary_large_image\" \/>\n<meta name=\"twitter:label1\" content=\"Scritto da\" \/>\n\t<meta name=\"twitter:data1\" content=\"Massimo Brugnera\" \/>\n\t<meta name=\"twitter:label2\" content=\"Tempo di lettura stimato\" \/>\n\t<meta name=\"twitter:data2\" content=\"2 minuti\" \/>\n<script type=\"application\/ld+json\" class=\"yoast-schema-graph\">{\"@context\":\"https:\/\/schema.org\",\"@graph\":[{\"@type\":\"Article\",\"@id\":\"https:\/\/www.clarabellamusic.com\/wclb\/la-scelta-del-violoncello-misure-e-formati\/#article\",\"isPartOf\":{\"@id\":\"https:\/\/www.clarabellamusic.com\/wclb\/la-scelta-del-violoncello-misure-e-formati\/\"},\"author\":{\"name\":\"Massimo Brugnera\",\"@id\":\"https:\/\/www.clarabellamusic.com\/wclb\/#\/schema\/person\/746bab9a8770f7e65da7d583195107bb\"},\"headline\":\"La scelta del violoncello: misure e formati\",\"datePublished\":\"2020-03-27T09:51:35+00:00\",\"dateModified\":\"2020-07-15T05:48:03+00:00\",\"mainEntityOfPage\":{\"@id\":\"https:\/\/www.clarabellamusic.com\/wclb\/la-scelta-del-violoncello-misure-e-formati\/\"},\"wordCount\":440,\"publisher\":{\"@id\":\"https:\/\/www.clarabellamusic.com\/wclb\/#\/schema\/person\/746bab9a8770f7e65da7d583195107bb\"},\"image\":{\"@id\":\"https:\/\/www.clarabellamusic.com\/wclb\/la-scelta-del-violoncello-misure-e-formati\/#primaryimage\"},\"thumbnailUrl\":\"https:\/\/www.clarabellamusic.com\/wclb\/wp-content\/uploads\/2020\/03\/montagnana.png\",\"keywords\":[\"bambino\",\"braccio\",\"cello\",\"didattica\",\"formato\",\"mano\",\"misure\",\"ridotto\",\"riparazione violoncello tradate\",\"violoncello\",\"violoncello tradate\",\"violoncello varese\"],\"articleSection\":[\"LABORATORIO\"],\"inLanguage\":\"it-IT\"},{\"@type\":\"WebPage\",\"@id\":\"https:\/\/www.clarabellamusic.com\/wclb\/la-scelta-del-violoncello-misure-e-formati\/\",\"url\":\"https:\/\/www.clarabellamusic.com\/wclb\/la-scelta-del-violoncello-misure-e-formati\/\",\"name\":\"La scelta del violoncello: misure e formati - CLARABELLAMUSIC.COM\",\"isPartOf\":{\"@id\":\"https:\/\/www.clarabellamusic.com\/wclb\/#website\"},\"primaryImageOfPage\":{\"@id\":\"https:\/\/www.clarabellamusic.com\/wclb\/la-scelta-del-violoncello-misure-e-formati\/#primaryimage\"},\"image\":{\"@id\":\"https:\/\/www.clarabellamusic.com\/wclb\/la-scelta-del-violoncello-misure-e-formati\/#primaryimage\"},\"thumbnailUrl\":\"https:\/\/www.clarabellamusic.com\/wclb\/wp-content\/uploads\/2020\/03\/montagnana.png\",\"datePublished\":\"2020-03-27T09:51:35+00:00\",\"dateModified\":\"2020-07-15T05:48:03+00:00\",\"breadcrumb\":{\"@id\":\"https:\/\/www.clarabellamusic.com\/wclb\/la-scelta-del-violoncello-misure-e-formati\/#breadcrumb\"},\"inLanguage\":\"it-IT\",\"potentialAction\":[{\"@type\":\"ReadAction\",\"target\":[\"https:\/\/www.clarabellamusic.com\/wclb\/la-scelta-del-violoncello-misure-e-formati\/\"]}]},{\"@type\":\"ImageObject\",\"inLanguage\":\"it-IT\",\"@id\":\"https:\/\/www.clarabellamusic.com\/wclb\/la-scelta-del-violoncello-misure-e-formati\/#primaryimage\",\"url\":\"https:\/\/www.clarabellamusic.com\/wclb\/wp-content\/uploads\/2020\/03\/montagnana.png\",\"contentUrl\":\"https:\/\/www.clarabellamusic.com\/wclb\/wp-content\/uploads\/2020\/03\/montagnana.png\",\"width\":878,\"height\":1150},{\"@type\":\"BreadcrumbList\",\"@id\":\"https:\/\/www.clarabellamusic.com\/wclb\/la-scelta-del-violoncello-misure-e-formati\/#breadcrumb\",\"itemListElement\":[{\"@type\":\"ListItem\",\"position\":1,\"name\":\"Home\",\"item\":\"https:\/\/www.clarabellamusic.com\/wclb\/\"},{\"@type\":\"ListItem\",\"position\":2,\"name\":\"La scelta del violoncello: misure e formati\"}]},{\"@type\":\"WebSite\",\"@id\":\"https:\/\/www.clarabellamusic.com\/wclb\/#website\",\"url\":\"https:\/\/www.clarabellamusic.com\/wclb\/\",\"name\":\"CLARABELLAMUSIC.COM\",\"description\":\"Costruzione e Riparazione Strumenti Musicali - Liuteria - Accordatura Pianoforte - Tradate\",\"publisher\":{\"@id\":\"https:\/\/www.clarabellamusic.com\/wclb\/#\/schema\/person\/746bab9a8770f7e65da7d583195107bb\"},\"potentialAction\":[{\"@type\":\"SearchAction\",\"target\":{\"@type\":\"EntryPoint\",\"urlTemplate\":\"https:\/\/www.clarabellamusic.com\/wclb\/?s={search_term_string}\"},\"query-input\":{\"@type\":\"PropertyValueSpecification\",\"valueRequired\":true,\"valueName\":\"search_term_string\"}}],\"inLanguage\":\"it-IT\"},{\"@type\":[\"Person\",\"Organization\"],\"@id\":\"https:\/\/www.clarabellamusic.com\/wclb\/#\/schema\/person\/746bab9a8770f7e65da7d583195107bb\",\"name\":\"Massimo Brugnera\",\"image\":{\"@type\":\"ImageObject\",\"inLanguage\":\"it-IT\",\"@id\":\"https:\/\/www.clarabellamusic.com\/wclb\/#\/schema\/person\/image\/\",\"url\":\"https:\/\/www.clarabellamusic.com\/wclb\/wp-content\/uploads\/2019\/05\/cropped-alberoviolino-4.png\",\"contentUrl\":\"https:\/\/www.clarabellamusic.com\/wclb\/wp-content\/uploads\/2019\/05\/cropped-alberoviolino-4.png\",\"width\":1224,\"height\":1701,\"caption\":\"Massimo Brugnera\"},\"logo\":{\"@id\":\"https:\/\/www.clarabellamusic.com\/wclb\/#\/schema\/person\/image\/\"}}]}<\/script>\n<!-- \/ Yoast SEO plugin. -->","yoast_head_json":{"title":"La scelta del violoncello: misure e formati - CLARABELLAMUSIC.COM","robots":{"index":"index","follow":"follow","max-snippet":"max-snippet:-1","max-image-preview":"max-image-preview:large","max-video-preview":"max-video-preview:-1"},"canonical":"https:\/\/www.clarabellamusic.com\/wclb\/la-scelta-del-violoncello-misure-e-formati\/","og_locale":"it_IT","og_type":"article","og_title":"La scelta del violoncello: misure e formati - CLARABELLAMUSIC.COM","og_description":"Gli strumenti ad arco e quindi anche il violoncello (amichevolmente chiamato &#8220;cello&#8221;) sono disponibili oggi in formati ridotti\u00a0 (puoi approfondire leggendo questo articolo) ovvero pi\u00f9 piccoli delle dimensioni che la tradizione ha standardizzato come &#8220;formati interi&#8221;. La maggior parte di questi strumenti pi\u00f9 piccoli sono di produzione industriale, hanno sonorit\u00e0 pessime e spesso vengono montati [&hellip;]","og_url":"https:\/\/www.clarabellamusic.com\/wclb\/la-scelta-del-violoncello-misure-e-formati\/","og_site_name":"CLARABELLAMUSIC.COM","article_published_time":"2020-03-27T09:51:35+00:00","article_modified_time":"2020-07-15T05:48:03+00:00","og_image":[{"width":878,"height":1150,"url":"https:\/\/www.clarabellamusic.com\/wclb\/wp-content\/uploads\/2020\/03\/montagnana.png","type":"image\/png"}],"author":"Massimo Brugnera","twitter_card":"summary_large_image","twitter_misc":{"Scritto da":"Massimo Brugnera","Tempo di lettura stimato":"2 minuti"},"schema":{"@context":"https:\/\/schema.org","@graph":[{"@type":"Article","@id":"https:\/\/www.clarabellamusic.com\/wclb\/la-scelta-del-violoncello-misure-e-formati\/#article","isPartOf":{"@id":"https:\/\/www.clarabellamusic.com\/wclb\/la-scelta-del-violoncello-misure-e-formati\/"},"author":{"name":"Massimo Brugnera","@id":"https:\/\/www.clarabellamusic.com\/wclb\/#\/schema\/person\/746bab9a8770f7e65da7d583195107bb"},"headline":"La scelta del violoncello: misure e formati","datePublished":"2020-03-27T09:51:35+00:00","dateModified":"2020-07-15T05:48:03+00:00","mainEntityOfPage":{"@id":"https:\/\/www.clarabellamusic.com\/wclb\/la-scelta-del-violoncello-misure-e-formati\/"},"wordCount":440,"publisher":{"@id":"https:\/\/www.clarabellamusic.com\/wclb\/#\/schema\/person\/746bab9a8770f7e65da7d583195107bb"},"image":{"@id":"https:\/\/www.clarabellamusic.com\/wclb\/la-scelta-del-violoncello-misure-e-formati\/#primaryimage"},"thumbnailUrl":"https:\/\/www.clarabellamusic.com\/wclb\/wp-content\/uploads\/2020\/03\/montagnana.png","keywords":["bambino","braccio","cello","didattica","formato","mano","misure","ridotto","riparazione violoncello tradate","violoncello","violoncello tradate","violoncello varese"],"articleSection":["LABORATORIO"],"inLanguage":"it-IT"},{"@type":"WebPage","@id":"https:\/\/www.clarabellamusic.com\/wclb\/la-scelta-del-violoncello-misure-e-formati\/","url":"https:\/\/www.clarabellamusic.com\/wclb\/la-scelta-del-violoncello-misure-e-formati\/","name":"La scelta del violoncello: misure e formati - CLARABELLAMUSIC.COM","isPartOf":{"@id":"https:\/\/www.clarabellamusic.com\/wclb\/#website"},"primaryImageOfPage":{"@id":"https:\/\/www.clarabellamusic.com\/wclb\/la-scelta-del-violoncello-misure-e-formati\/#primaryimage"},"image":{"@id":"https:\/\/www.clarabellamusic.com\/wclb\/la-scelta-del-violoncello-misure-e-formati\/#primaryimage"},"thumbnailUrl":"https:\/\/www.clarabellamusic.com\/wclb\/wp-content\/uploads\/2020\/03\/montagnana.png","datePublished":"2020-03-27T09:51:35+00:00","dateModified":"2020-07-15T05:48:03+00:00","breadcrumb":{"@id":"https:\/\/www.clarabellamusic.com\/wclb\/la-scelta-del-violoncello-misure-e-formati\/#breadcrumb"},"inLanguage":"it-IT","potentialAction":[{"@type":"ReadAction","target":["https:\/\/www.clarabellamusic.com\/wclb\/la-scelta-del-violoncello-misure-e-formati\/"]}]},{"@type":"ImageObject","inLanguage":"it-IT","@id":"https:\/\/www.clarabellamusic.com\/wclb\/la-scelta-del-violoncello-misure-e-formati\/#primaryimage","url":"https:\/\/www.clarabellamusic.com\/wclb\/wp-content\/uploads\/2020\/03\/montagnana.png","contentUrl":"https:\/\/www.clarabellamusic.com\/wclb\/wp-content\/uploads\/2020\/03\/montagnana.png","width":878,"height":1150},{"@type":"BreadcrumbList","@id":"https:\/\/www.clarabellamusic.com\/wclb\/la-scelta-del-violoncello-misure-e-formati\/#breadcrumb","itemListElement":[{"@type":"ListItem","position":1,"name":"Home","item":"https:\/\/www.clarabellamusic.com\/wclb\/"},{"@type":"ListItem","position":2,"name":"La scelta del violoncello: misure e formati"}]},{"@type":"WebSite","@id":"https:\/\/www.clarabellamusic.com\/wclb\/#website","url":"https:\/\/www.clarabellamusic.com\/wclb\/","name":"CLARABELLAMUSIC.COM","description":"Costruzione e Riparazione Strumenti Musicali - Liuteria - Accordatura Pianoforte - Tradate","publisher":{"@id":"https:\/\/www.clarabellamusic.com\/wclb\/#\/schema\/person\/746bab9a8770f7e65da7d583195107bb"},"potentialAction":[{"@type":"SearchAction","target":{"@type":"EntryPoint","urlTemplate":"https:\/\/www.clarabellamusic.com\/wclb\/?s={search_term_string}"},"query-input":{"@type":"PropertyValueSpecification","valueRequired":true,"valueName":"search_term_string"}}],"inLanguage":"it-IT"},{"@type":["Person","Organization"],"@id":"https:\/\/www.clarabellamusic.com\/wclb\/#\/schema\/person\/746bab9a8770f7e65da7d583195107bb","name":"Massimo Brugnera","image":{"@type":"ImageObject","inLanguage":"it-IT","@id":"https:\/\/www.clarabellamusic.com\/wclb\/#\/schema\/person\/image\/","url":"https:\/\/www.clarabellamusic.com\/wclb\/wp-content\/uploads\/2019\/05\/cropped-alberoviolino-4.png","contentUrl":"https:\/\/www.clarabellamusic.com\/wclb\/wp-content\/uploads\/2019\/05\/cropped-alberoviolino-4.png","width":1224,"height":1701,"caption":"Massimo Brugnera"},"logo":{"@id":"https:\/\/www.clarabellamusic.com\/wclb\/#\/schema\/person\/image\/"}}]}},"_links":{"self":[{"href":"https:\/\/www.clarabellamusic.com\/wclb\/wp-json\/wp\/v2\/posts\/762","targetHints":{"allow":["GET"]}}],"collection":[{"href":"https:\/\/www.clarabellamusic.com\/wclb\/wp-json\/wp\/v2\/posts"}],"about":[{"href":"https:\/\/www.clarabellamusic.com\/wclb\/wp-json\/wp\/v2\/types\/post"}],"author":[{"embeddable":true,"href":"https:\/\/www.clarabellamusic.com\/wclb\/wp-json\/wp\/v2\/users\/2"}],"replies":[{"embeddable":true,"href":"https:\/\/www.clarabellamusic.com\/wclb\/wp-json\/wp\/v2\/comments?post=762"}],"version-history":[{"count":7,"href":"https:\/\/www.clarabellamusic.com\/wclb\/wp-json\/wp\/v2\/posts\/762\/revisions"}],"predecessor-version":[{"id":823,"href":"https:\/\/www.clarabellamusic.com\/wclb\/wp-json\/wp\/v2\/posts\/762\/revisions\/823"}],"wp:featuredmedia":[{"embeddable":true,"href":"https:\/\/www.clarabellamusic.com\/wclb\/wp-json\/wp\/v2\/media\/771"}],"wp:attachment":[{"href":"https:\/\/www.clarabellamusic.com\/wclb\/wp-json\/wp\/v2\/media?parent=762"}],"wp:term":[{"taxonomy":"category","embeddable":true,"href":"https:\/\/www.clarabellamusic.com\/wclb\/wp-json\/wp\/v2\/categories?post=762"},{"taxonomy":"post_tag","embeddable":true,"href":"https:\/\/www.clarabellamusic.com\/wclb\/wp-json\/wp\/v2\/tags?post=762"}],"curies":[{"name":"wp","href":"https:\/\/api.w.org\/{rel}","templated":true}]}}